{"id":228,"count":3,"description":"Pergolen geben dem st\u00e4dtischen Raum Struktur, indem sie angenehme Aufenthaltsbereiche schaffen und zugleich Schutz vor Sonne und Regen bieten. Sie k\u00f6nnen mit Solarmodulen ausgestattet werden und mit unterschiedlichen Materialien \u00fcberdeckt werden, wie z.\u202fB. Pflanzen, Holz oder Aluminium. Unsere Pergolen lassen sich flexibel an verschiedene Anforderungen anpassen, sind robust und einfach zu montieren. Die modulare Bauweise und die flexible H\u00f6henanordnung der Elemente erlauben eine harmonische Einbindung in unterschiedliche Umgebungen.","link":"https:\/\/www.urbidermis.com\/de\/pergolen\/","name":"Pergolen","slug":"pergolen","taxonomy":"product_cat","parent":227,"meta":[],"menu_order":0,"acf":{"condicion_acordion_intro_categorias":true,"acordion_intro_categorias_repeater":[{"pregunta":"Pergolen mit integrierter Solarenergie","respuesta":"Angesichts der Entstehung neuer \u00f6ffentlicher Freizeit- und Begegnungsr\u00e4ume sowie der weltweiten Notwendigkeit f\u00fcr mehr Nachhaltigkeit bieten wir Pergolen mit photovoltaischen Dachelementen an, die saubere, erneuerbare und lokal erzeugte Energie liefern.","condicion_ancla_acordion":false,"ancla_acordion_interno":{"title":"Energy responsibility","url":"#","target":""},"disparador_cortinas_categorias":false,"listado_de_cortinas_categorias":false},{"pregunta":"Planerische Flexibilit\u00e4t","respuesta":"Wir verf\u00fcgen \u00fcber Erfahrung und passen uns den jeweiligen Anforderungen an. Unsere Pergolen werden auf die Bed\u00fcrfnisse jedes Projekts abgestimmt. Wir analysieren strukturelle und umweltbezogene Rahmenbedingungen, um eine korrekte und sichere Integration zu gew\u00e4hrleisten. Zudem passen wir Ausf\u00fchrungen und Witterungsschutzoptionen an, um den Herausforderungen jedes Ortes gerecht zu werden, insbesondere dort, wo hohe Widerstandsf\u00e4higkeit und Langlebigkeit gefragt sind.","condicion_ancla_acordion":false,"ancla_acordion_interno":{"title":"Talk to us","url":"#","target":""},"disparador_cortinas_categorias":false,"listado_de_cortinas_categorias":false},{"pregunta":"Pergolen","respuesta":"Die kompakten Dimensionen von Pergolen erm\u00f6glichen es, R\u00e4ume zu schaffen, die sowohl visuell als auch \u00f6kologisch \u00fcberzeugen und sich harmonisch in urbane und suburbane Landschaften einf\u00fcgen. Pergolen stellen eine kontextbezogene Antwort auf die Bed\u00fcrfnisse des st\u00e4dtischen Raums dar.","condicion_ancla_acordion":false,"ancla_acordion_interno":{"title":"Discover","url":"#","target":""},"disparador_cortinas_categorias":false,"listado_de_cortinas_categorias":false}],"proyectos_relacionados":[{"project":{"ID":6323,"post_author":"7","post_date":"2022-05-04 15:15:40","post_date_gmt":"2022-05-04 15:15:40","post_content":"","post_title":"Plaza Costa del Sol","post_excerpt":"","post_status":"publish","comment_status":"closed","ping_status":"closed","post_password":"","post_name":"plaza-costa-del-sol","to_ping":"","pinged":"","post_modified":"2023-02-09 14:52:01","post_modified_gmt":"2023-02-09 12:52:01","post_content_filtered":"","post_parent":0,"guid":"https:\/\/ubweb21.urbidermis.com\/proyectos\/plaza-costa-del-sol\/","menu_order":0,"post_type":"proyectos","post_mime_type":"","comment_count":"0","filter":"raw"},"project_img":"https:\/\/www.urbidermis.com\/recursos\/imagenes_galeria\/20190506-Spain-Malaga-Torremolinos-MOB-ONP-Nacho-Villa-Web-x1000.jpg\n"},{"project":{"ID":15431,"post_author":"8","post_date":"2022-08-29 13:42:31","post_date_gmt":"2022-08-29 13:42:31","post_content":"","post_title":"O'Donnell 12 B\u00fcros","post_excerpt":"","post_status":"publish","comment_status":"closed","ping_status":"closed","post_password":"","post_name":"odonnell-12-bueros","to_ping":"","pinged":"","post_modified":"2023-02-09 15:07:07","post_modified_gmt":"2023-02-09 13:07:07","post_content_filtered":"","post_parent":0,"guid":"https:\/\/www.urbidermis.com\/proyectos\/odonnell-12-bueros\/","menu_order":0,"post_type":"proyectos","post_mime_type":"","comment_count":"0","filter":"raw"},"project_img":"https:\/\/www.urbidermis.com\/recursos\/imagenes_galeria\/20150204-Spain-Madrid-Oficinas-Odonell-12-VLP-PLJ-Imagen-Subliminal-01-x1000.jpg\n"},{"project":{"ID":10927,"post_author":"7","post_date":"2022-07-04 09:09:57","post_date_gmt":"2022-07-04 09:09:57","post_content":"","post_title":"Marina Palam\u00f3s","post_excerpt":"","post_status":"publish","comment_status":"closed","ping_status":"closed","post_password":"","post_name":"marina-palamos","to_ping":"","pinged":"","post_modified":"2024-11-21 14:24:17","post_modified_gmt":"2024-11-21 12:24:17","post_content_filtered":"","post_parent":0,"guid":"https:\/\/ubweb21.urbidermis.com\/proyectos\/marina-palamos\/","menu_order":0,"post_type":"proyectos","post_mime_type":"","comment_count":"0","filter":"raw"},"project_img":"https:\/\/www.urbidermis.com\/recursos\/imagenes_galeria\/20220906-Spain-Palamos-Port-Marina-COB-NUB-TML-PEP-Del-Rio-Bani-web-13-x1000.jpg\n"},{"project":{"ID":5480,"post_author":"4","post_date":"2022-04-14 09:40:51","post_date_gmt":"2022-04-14 09:40:51","post_content":"","post_title":"Trinitat park","post_excerpt":"","post_status":"publish","comment_status":"closed","ping_status":"closed","post_password":"","post_name":"trinitat-park","to_ping":"","pinged":"","post_modified":"2023-02-09 14:52:17","post_modified_gmt":"2023-02-09 12:52:17","post_content_filtered":"","post_parent":0,"guid":"http:\/\/newpre.urbidermis.com\/proyectos\/trinitat-park\/","menu_order":0,"post_type":"proyectos","post_mime_type":"","comment_count":"0","filter":"raw"},"project_img":"https:\/\/www.urbidermis.com\/recursos\/imagenes_galeria\/20130124-Spain-Barcelona-Trinitat-Nova-VLP-Web-x1000.jpg\n"},{"project":{"ID":6335,"post_author":"7","post_date":"2022-05-04 15:30:39","post_date_gmt":"2022-05-04 15:30:39","post_content":"","post_title":"Marina Moll Vell","post_excerpt":"","post_status":"publish","comment_status":"closed","ping_status":"closed","post_password":"","post_name":"marina-moll-vell","to_ping":"","pinged":"","post_modified":"2023-05-02 12:40:44","post_modified_gmt":"2023-05-02 10:40:44","post_content_filtered":"","post_parent":0,"guid":"https:\/\/ubweb21.urbidermis.com\/proyectos\/marina-moll-vell\/","menu_order":0,"post_type":"proyectos","post_mime_type":"","comment_count":"0","filter":"raw"},"project_img":"https:\/\/www.urbidermis.com\/recursos\/imagenes_galeria\/20170130-Mallorca-Port-Palma-VLP-Equipo-Urbidermis-Web-x1000.jpg\n"},{"project":{"ID":7808,"post_author":"7","post_date":"2022-05-12 08:56:50","post_date_gmt":"2022-05-12 08:56:50","post_content":"","post_title":"Charlie Rivel square","post_excerpt":"","post_status":"publish","comment_status":"closed","ping_status":"closed","post_password":"","post_name":"charlie-rivel-square","to_ping":"","pinged":"","post_modified":"2023-02-09 14:51:28","post_modified_gmt":"2023-02-09 12:51:28","post_content_filtered":"","post_parent":0,"guid":"https:\/\/ubweb21.urbidermis.com\/proyectos\/charlie-rivel-square\/","menu_order":0,"post_type":"proyectos","post_mime_type":"","comment_count":"0","filter":"raw"},"project_img":"https:\/\/www.urbidermis.com\/recursos\/imagenes_galeria\/20040615-Spain-Vilanova-I-La-Geltru-Plaza-Charlie-Rivel-VLP-NRB-Web-x1000.jpg\n"}],"category_order":"20","titulo_proy_relacionados_taxonomia":""},"yoast_head":"<!-- This site is optimized with the Yoast SEO plugin v27.6 - https:\/\/yoast.com\/product\/yoast-seo-wordpress\/ -->\n<title>Pergolen - Urbidermis<\/title>\n<meta name=\"robots\" content=\"index, follow, max-snippet:-1, max-image-preview:large, max-video-preview:-1\" \/>\n<link rel=\"canonical\" href=\"https:\/\/www.urbidermis.com\/de\/pergolen\/\" \/>\n<meta property=\"og:locale\" content=\"de_DE\" \/>\n<meta property=\"og:type\" content=\"article\" \/>\n<meta property=\"og:title\" content=\"Pergolen - Urbidermis\" \/>\n<meta property=\"og:description\" content=\"Pergolen geben dem st\u00e4dtischen Raum Struktur, indem sie angenehme Aufenthaltsbereiche schaffen und zugleich Schutz vor Sonne und Regen bieten. Sie k\u00f6nnen mit Solarmodulen ausgestattet werden und mit unterschiedlichen Materialien \u00fcberdeckt werden, wie z.\u202fB. Pflanzen, Holz oder Aluminium. Unsere Pergolen lassen sich flexibel an verschiedene Anforderungen anpassen, sind robust und einfach zu montieren. Die modulare Bauweise und die flexible H\u00f6henanordnung der Elemente erlauben eine harmonische Einbindung in unterschiedliche Umgebungen.\" \/>\n<meta property=\"og:url\" content=\"https:\/\/www.urbidermis.com\/de\/pergolen\/\" \/>\n<meta property=\"og:site_name\" content=\"Urbidermis\" \/>\n<meta name=\"twitter:card\" content=\"summary_large_image\" \/>\n<script type=\"application\/ld+json\" class=\"yoast-schema-graph\">{\"@context\":\"https:\\\/\\\/schema.org\",\"@graph\":[{\"@type\":\"CollectionPage\",\"@id\":\"https:\\\/\\\/www.urbidermis.com\\\/de\\\/pergolen\\\/\",\"url\":\"https:\\\/\\\/www.urbidermis.com\\\/de\\\/pergolen\\\/\",\"name\":\"Pergolen - Urbidermis\",\"isPartOf\":{\"@id\":\"https:\\\/\\\/urbidermis.com\\\/es\\\/#website\"},\"breadcrumb\":{\"@id\":\"https:\\\/\\\/www.urbidermis.com\\\/de\\\/pergolen\\\/#breadcrumb\"},\"inLanguage\":\"de-DE\"},{\"@type\":\"BreadcrumbList\",\"@id\":\"https:\\\/\\\/www.urbidermis.com\\\/de\\\/pergolen\\\/#breadcrumb\",\"itemListElement\":[{\"@type\":\"ListItem\",\"position\":1,\"name\":\"Home\",\"item\":\"https:\\\/\\\/www.urbidermis.com\\\/de\\\/\"},{\"@type\":\"ListItem\",\"position\":2,\"name\":\"Mikroarchitektur\",\"item\":\"https:\\\/\\\/www.urbidermis.com\\\/de\\\/mikroarchitektur\\\/\"},{\"@type\":\"ListItem\",\"position\":3,\"name\":\"Pergolen\"}]},{\"@type\":\"WebSite\",\"@id\":\"https:\\\/\\\/urbidermis.com\\\/es\\\/#website\",\"url\":\"https:\\\/\\\/urbidermis.com\\\/es\\\/\",\"name\":\"Urbidermis\",\"description\":\"Especialistas en la ciudad\",\"publisher\":{\"@id\":\"https:\\\/\\\/urbidermis.com\\\/es\\\/#organization\"},\"potentialAction\":[{\"@type\":\"SearchAction\",\"target\":{\"@type\":\"EntryPoint\",\"urlTemplate\":\"https:\\\/\\\/urbidermis.com\\\/es\\\/?s={search_term_string}\"},\"query-input\":{\"@type\":\"PropertyValueSpecification\",\"valueRequired\":true,\"valueName\":\"search_term_string\"}}],\"inLanguage\":\"de-DE\"},{\"@type\":\"Organization\",\"@id\":\"https:\\\/\\\/urbidermis.com\\\/es\\\/#organization\",\"name\":\"Urbidermis\",\"url\":\"https:\\\/\\\/urbidermis.com\\\/es\\\/\",\"logo\":{\"@type\":\"ImageObject\",\"inLanguage\":\"de-DE\",\"@id\":\"https:\\\/\\\/urbidermis.com\\\/es\\\/#\\\/schema\\\/logo\\\/image\\\/\",\"url\":\"\",\"contentUrl\":\"\",\"caption\":\"Urbidermis\"},\"image\":{\"@id\":\"https:\\\/\\\/urbidermis.com\\\/es\\\/#\\\/schema\\\/logo\\\/image\\\/\"}}]}<\/script>\n<!-- \/ Yoast SEO plugin. -->","yoast_head_json":{"title":"Pergolen - Urbidermis","robots":{"index":"index","follow":"follow","max-snippet":"max-snippet:-1","max-image-preview":"max-image-preview:large","max-video-preview":"max-video-preview:-1"},"canonical":"https:\/\/www.urbidermis.com\/de\/pergolen\/","og_locale":"de_DE","og_type":"article","og_title":"Pergolen - Urbidermis","og_description":"Pergolen geben dem st\u00e4dtischen Raum Struktur, indem sie angenehme Aufenthaltsbereiche schaffen und zugleich Schutz vor Sonne und Regen bieten. Sie k\u00f6nnen mit Solarmodulen ausgestattet werden und mit unterschiedlichen Materialien \u00fcberdeckt werden, wie z.\u202fB. Pflanzen, Holz oder Aluminium. Unsere Pergolen lassen sich flexibel an verschiedene Anforderungen anpassen, sind robust und einfach zu montieren. Die modulare Bauweise und die flexible H\u00f6henanordnung der Elemente erlauben eine harmonische Einbindung in unterschiedliche Umgebungen.","og_url":"https:\/\/www.urbidermis.com\/de\/pergolen\/","og_site_name":"Urbidermis","twitter_card":"summary_large_image","schema":{"@context":"https:\/\/schema.org","@graph":[{"@type":"CollectionPage","@id":"https:\/\/www.urbidermis.com\/de\/pergolen\/","url":"https:\/\/www.urbidermis.com\/de\/pergolen\/","name":"Pergolen - Urbidermis","isPartOf":{"@id":"https:\/\/urbidermis.com\/es\/#website"},"breadcrumb":{"@id":"https:\/\/www.urbidermis.com\/de\/pergolen\/#breadcrumb"},"inLanguage":"de-DE"},{"@type":"BreadcrumbList","@id":"https:\/\/www.urbidermis.com\/de\/pergolen\/#breadcrumb","itemListElement":[{"@type":"ListItem","position":1,"name":"Home","item":"https:\/\/www.urbidermis.com\/de\/"},{"@type":"ListItem","position":2,"name":"Mikroarchitektur","item":"https:\/\/www.urbidermis.com\/de\/mikroarchitektur\/"},{"@type":"ListItem","position":3,"name":"Pergolen"}]},{"@type":"WebSite","@id":"https:\/\/urbidermis.com\/es\/#website","url":"https:\/\/urbidermis.com\/es\/","name":"Urbidermis","description":"Especialistas en la ciudad","publisher":{"@id":"https:\/\/urbidermis.com\/es\/#organization"},"potentialAction":[{"@type":"SearchAction","target":{"@type":"EntryPoint","urlTemplate":"https:\/\/urbidermis.com\/es\/?s={search_term_string}"},"query-input":{"@type":"PropertyValueSpecification","valueRequired":true,"valueName":"search_term_string"}}],"inLanguage":"de-DE"},{"@type":"Organization","@id":"https:\/\/urbidermis.com\/es\/#organization","name":"Urbidermis","url":"https:\/\/urbidermis.com\/es\/","logo":{"@type":"ImageObject","inLanguage":"de-DE","@id":"https:\/\/urbidermis.com\/es\/#\/schema\/logo\/image\/","url":"","contentUrl":"","caption":"Urbidermis"},"image":{"@id":"https:\/\/urbidermis.com\/es\/#\/schema\/logo\/image\/"}}]}},"urb":{"path":"\/de\/pergolen\/","language":"de","thumbnail":null,"order":20,"ancestors":[{"id":227,"name":"Mikroarchitektur","slug":"mikroarchitektur","path":"\/de\/mikroarchitektur\/"}],"parent_slug":"mikroarchitektur","translations":{"de":{"id":228,"slug":"pergolen","path":"\/de\/pergolen\/"},"en":{"id":66,"slug":"pergolas","path":"\/pergolas\/"},"es":{"id":95,"slug":"pergolas-es","path":"\/es\/pergolas-es\/"},"fr":{"id":123,"slug":"pergolas","path":"\/fr\/pergolas\/"}}},"_links":{"self":[{"href":"https:\/\/www.urbidermis.com\/de\/wp-json\/wp\/v2\/product_cat\/228","targetHints":{"allow":["GET"]}}],"collection":[{"href":"https:\/\/www.urbidermis.com\/de\/wp-json\/wp\/v2\/product_cat"}],"about":[{"href":"https:\/\/www.urbidermis.com\/de\/wp-json\/wp\/v2\/taxonomies\/product_cat"}],"up":[{"embeddable":true,"href":"https:\/\/www.urbidermis.com\/de\/wp-json\/wp\/v2\/product_cat\/227"}],"wp:post_type":[{"href":"https:\/\/www.urbidermis.com\/de\/wp-json\/wp\/v2\/product?product_cat=228"}],"curies":[{"name":"wp","href":"https:\/\/api.w.org\/{rel}","templated":true}]}}