{"id":83,"count":1,"description":"Los apliques urbanos permiten dotar de significado los l\u00edmites paisaj\u00edsticos y urbanos, creando acentos que iluminan el plano horizontal desde fachadas o muretes. Su contribuci\u00f3n se hace evidente cuando se quiere significar el espacio y complementar la luz de medios vuelos, beneficiando la orientaci\u00f3n, la seguridad la vida nocturna de los ciudadanos. La funci\u00f3n de los apliques urbanos se acerca a la escala humana, dando importancia a la composici\u00f3n arquitect\u00f3nica o a los flujos de desplazamiento. Alumbran el camino sin impedir o incordiar el paso, es por ello que nuestros apliques urbanos iluminan sin molestar a la vista.","link":"https:\/\/www.urbidermis.com\/es\/apliques-urbanos\/","name":"Apliques urbanos","slug":"apliques-urbanos","taxonomy":"product_cat","parent":77,"meta":[],"menu_order":0,"acf":{"condicion_acordion_intro_categorias":true,"acordion_intro_categorias_repeater":[{"pregunta":"Apliques para entornos exigentes","respuesta":"En Urbidermis tenemos experiencia en la ciudad. Sabemos que los entornos urbanos representan un reto y requieren de materiales y tratamientos de protecci\u00f3n resistentes y duraderos. Llevamos m\u00e1s de treinta a\u00f1os aprendiendo junto con nuestros proveedores locales para ofrecer apliques urbanos que perduren en cualquier ambiente exterior.","condicion_ancla_acordion":false,"ancla_acordion_interno":{"title":"Discover the \u201cBaluart project\u201d","url":"#","target":""},"disparador_cortinas_categorias":false,"listado_de_cortinas_categorias":false},{"pregunta":"Apliques urbanos","respuesta":"Los apliques urbanos completan la iluminaci\u00f3n de cotas bajas. Son esenciales para conformar un proyecto sin barreras arquitect\u00f3nicas. Marcan situaciones de paseo de velocidad lenta y permiten liberar el plano visual de las personas para percibir por completo la extensi\u00f3n del espacio.\r\nPor su situaci\u00f3n, son elementos de iluminaci\u00f3n que deben resistir al deterioro de la v\u00eda p\u00fablica, ocasionado por aspectos ambientales y sociales.\r\n","condicion_ancla_acordion":false,"ancla_acordion_interno":{"title":"Discover","url":"#","target":""},"disparador_cortinas_categorias":false,"listado_de_cortinas_categorias":false}],"proyectos_relacionados":[{"project":{"ID":6341,"post_author":"7","post_date":"2022-05-04 15:40:59","post_date_gmt":"2022-05-04 15:40:59","post_content":"","post_title":"Es Baluard Museu d'Art Contemporani de Palma","post_excerpt":"","post_status":"publish","comment_status":"closed","ping_status":"closed","post_password":"","post_name":"es-baluard-museu-dart-contemporani-de-palma","to_ping":"","pinged":"","post_modified":"2022-08-29 08:37:11","post_modified_gmt":"2022-08-29 08:37:11","post_content_filtered":"","post_parent":0,"guid":"https:\/\/ubweb21.urbidermis.com\/proyectos\/es-baluard-museu-dart-contemporani-de-palma\/","menu_order":0,"post_type":"proyectos","post_mime_type":"","comment_count":"0","filter":"raw"},"project_img":"https:\/\/www.urbidermis.com\/recursos\/imagenes_galeria\/20170127-Spain-Mallorca-Princep-Baluard-ROA-Equipo-Urbidermis-Web-x1000.jpg\n"},{"project":{"ID":5175,"post_author":"4","post_date":"2022-04-13 10:20:39","post_date_gmt":"2022-04-13 10:20:39","post_content":"","post_title":"Pla\u00e7a de les Gl\u00f2ries Can\u00f2pia urbana","post_excerpt":"","post_status":"publish","comment_status":"closed","ping_status":"closed","post_password":"","post_name":"canopia-urbana","to_ping":"","pinged":"","post_modified":"2024-09-26 17:48:00","post_modified_gmt":"2024-09-26 15:48:00","post_content_filtered":"","post_parent":0,"guid":"http:\/\/newpre.urbidermis.com\/proyectos\/canopia-urbana\/","menu_order":0,"post_type":"proyectos","post_mime_type":"","comment_count":"0","filter":"raw"},"project_img":"https:\/\/www.urbidermis.com\/recursos\/imagenes_galeria\/20211213-Spain-Barcelona-Canopia-Urbana-ARPM-Equipo-Urbidermis-Web-x1000.jpg\n"},{"project":{"ID":7581,"post_author":"4","post_date":"2022-05-11 08:04:44","post_date_gmt":"2022-05-11 08:04:44","post_content":"","post_title":"Aeropuerto Internacional de Salt Lake City","post_excerpt":"","post_status":"publish","comment_status":"closed","ping_status":"closed","post_password":"","post_name":"aeropuerto-internacional-de-salt-lake-city","to_ping":"","pinged":"","post_modified":"2023-02-27 10:39:49","post_modified_gmt":"2023-02-27 08:39:49","post_content_filtered":"","post_parent":0,"guid":"https:\/\/ubweb21.urbidermis.com\/proyectos\/aeropuerto-internacional-de-salt-lake-city\/","menu_order":0,"post_type":"proyectos","post_mime_type":"","comment_count":"0","filter":"raw"},"project_img":"https:\/\/www.urbidermis.com\/recursos\/imagenes_galeria\/20191120-USA-Salt-Lake-City-Airport-Terminal-CDA-Web-x1000.jpg\n"},{"project":{"ID":5404,"post_author":"4","post_date":"2022-04-14 08:27:14","post_date_gmt":"2022-04-14 08:27:14","post_content":"","post_title":"Cobertura de la Ronda de Dalt, Horta - Guinard\u00f3","post_excerpt":"","post_status":"publish","comment_status":"closed","ping_status":"closed","post_password":"","post_name":"cobertura-de-la-ronda-de-dalt-horta-guinardo","to_ping":"","pinged":"","post_modified":"2022-08-29 08:37:35","post_modified_gmt":"2022-08-29 08:37:35","post_content_filtered":"","post_parent":0,"guid":"http:\/\/newpre.urbidermis.com\/proyectos\/cobertura-de-la-ronda-de-dalt-horta-guinardo\/","menu_order":0,"post_type":"proyectos","post_mime_type":"","comment_count":"0","filter":"raw"},"project_img":"https:\/\/www.urbidermis.com\/recursos\/imagenes_galeria\/20211213-Spain-Barcelona-Ronda-De-Dalt-ARPM-Equipo-Urbidermis-Web-x1000.jpg\n"},{"project":{"ID":5525,"post_author":"4","post_date":"2022-04-14 11:29:18","post_date_gmt":"2022-04-14 11:29:18","post_content":"","post_title":"Avenida Sabino de Arana","post_excerpt":"","post_status":"publish","comment_status":"closed","ping_status":"closed","post_password":"","post_name":"avenida-sabino-de-arana","to_ping":"","pinged":"","post_modified":"2022-08-29 08:37:31","post_modified_gmt":"2022-08-29 08:37:31","post_content_filtered":"","post_parent":0,"guid":"http:\/\/newpre.urbidermis.com\/proyectos\/avenida-sabino-de-arana\/","menu_order":0,"post_type":"proyectos","post_mime_type":"","comment_count":"0","filter":"raw"},"project_img":"https:\/\/www.urbidermis.com\/recursos\/imagenes_galeria\/20160121-Spain-Bilbao-Avenida-Sabino-Arana-CDA-Equipo-Urbidermis-Web-x1000.jpg\n"},{"project":{"ID":7101,"post_author":"7","post_date":"2022-05-09 11:34:55","post_date_gmt":"2022-05-09 11:34:55","post_content":"","post_title":"Naves de Gamazo","post_excerpt":"","post_status":"publish","comment_status":"closed","ping_status":"closed","post_password":"","post_name":"naves-de-gamazo","to_ping":"","pinged":"","post_modified":"2022-08-29 08:38:30","post_modified_gmt":"2022-08-29 08:38:30","post_content_filtered":"","post_parent":0,"guid":"https:\/\/ubweb21.urbidermis.com\/proyectos\/naves-de-gamazo\/","menu_order":0,"post_type":"proyectos","post_mime_type":"","comment_count":"0","filter":"raw"},"project_img":"https:\/\/www.urbidermis.com\/recursos\/imagenes_galeria\/20210907-Spain-Santander-Museo-Fundacion-Enaire-ASM-Web-x1000.jpg\n"}]},"yoast_head":"<!-- This site is optimized with the Yoast SEO plugin v27.6 - https:\/\/yoast.com\/product\/yoast-seo-wordpress\/ -->\n<title>Apliques urbanos urbanos - Urbidermis<\/title>\n<meta name=\"description\" content=\"Urban wall lamps lights complement low-bay lighting. They are essential for designing projects free from architectural barriers.\" \/>\n<meta name=\"robots\" content=\"index, follow, max-snippet:-1, max-image-preview:large, max-video-preview:-1\" \/>\n<link rel=\"canonical\" href=\"https:\/\/www.urbidermis.com\/es\/apliques-urbanos\/\" \/>\n<meta property=\"og:locale\" content=\"es_ES\" \/>\n<meta property=\"og:type\" content=\"article\" \/>\n<meta property=\"og:title\" content=\"Apliques urbanos urbanos - Urbidermis\" \/>\n<meta property=\"og:description\" content=\"Urban wall lamps lights complement low-bay lighting. They are essential for designing projects free from architectural barriers.\" \/>\n<meta property=\"og:url\" content=\"https:\/\/www.urbidermis.com\/es\/apliques-urbanos\/\" \/>\n<meta property=\"og:site_name\" content=\"Urbidermis\" \/>\n<meta name=\"twitter:card\" content=\"summary_large_image\" \/>\n<script type=\"application\/ld+json\" class=\"yoast-schema-graph\">{\"@context\":\"https:\\\/\\\/schema.org\",\"@graph\":[{\"@type\":\"CollectionPage\",\"@id\":\"https:\\\/\\\/www.urbidermis.com\\\/es\\\/apliques-urbanos\\\/\",\"url\":\"https:\\\/\\\/www.urbidermis.com\\\/es\\\/apliques-urbanos\\\/\",\"name\":\"Apliques urbanos urbanos - Urbidermis\",\"isPartOf\":{\"@id\":\"https:\\\/\\\/urbidermis.com\\\/es\\\/#website\"},\"description\":\"Urban wall lamps lights complement low-bay lighting. They are essential for designing projects free from architectural barriers.\",\"breadcrumb\":{\"@id\":\"https:\\\/\\\/www.urbidermis.com\\\/es\\\/apliques-urbanos\\\/#breadcrumb\"},\"inLanguage\":\"es-ES\"},{\"@type\":\"BreadcrumbList\",\"@id\":\"https:\\\/\\\/www.urbidermis.com\\\/es\\\/apliques-urbanos\\\/#breadcrumb\",\"itemListElement\":[{\"@type\":\"ListItem\",\"position\":1,\"name\":\"Home\",\"item\":\"https:\\\/\\\/www.urbidermis.com\\\/es\\\/\"},{\"@type\":\"ListItem\",\"position\":2,\"name\":\"Iluminaci\u00f3n urbana\",\"item\":\"https:\\\/\\\/www.urbidermis.com\\\/es\\\/iluminacion-urbana\\\/\"},{\"@type\":\"ListItem\",\"position\":3,\"name\":\"Apliques urbanos\"}]},{\"@type\":\"WebSite\",\"@id\":\"https:\\\/\\\/urbidermis.com\\\/es\\\/#website\",\"url\":\"https:\\\/\\\/urbidermis.com\\\/es\\\/\",\"name\":\"Urbidermis\",\"description\":\"Expertos en la ciudad\",\"publisher\":{\"@id\":\"https:\\\/\\\/urbidermis.com\\\/es\\\/#organization\"},\"potentialAction\":[{\"@type\":\"SearchAction\",\"target\":{\"@type\":\"EntryPoint\",\"urlTemplate\":\"https:\\\/\\\/urbidermis.com\\\/es\\\/?s={search_term_string}\"},\"query-input\":{\"@type\":\"PropertyValueSpecification\",\"valueRequired\":true,\"valueName\":\"search_term_string\"}}],\"inLanguage\":\"es-ES\"},{\"@type\":\"Organization\",\"@id\":\"https:\\\/\\\/urbidermis.com\\\/es\\\/#organization\",\"name\":\"Urbidermis\",\"url\":\"https:\\\/\\\/urbidermis.com\\\/es\\\/\",\"logo\":{\"@type\":\"ImageObject\",\"inLanguage\":\"es-ES\",\"@id\":\"https:\\\/\\\/urbidermis.com\\\/es\\\/#\\\/schema\\\/logo\\\/image\\\/\",\"url\":\"\",\"contentUrl\":\"\",\"caption\":\"Urbidermis\"},\"image\":{\"@id\":\"https:\\\/\\\/urbidermis.com\\\/es\\\/#\\\/schema\\\/logo\\\/image\\\/\"}}]}<\/script>\n<!-- \/ Yoast SEO plugin. -->","yoast_head_json":{"title":"Apliques urbanos urbanos - Urbidermis","description":"Urban wall lamps lights complement low-bay lighting. They are essential for designing projects free from architectural barriers.","robots":{"index":"index","follow":"follow","max-snippet":"max-snippet:-1","max-image-preview":"max-image-preview:large","max-video-preview":"max-video-preview:-1"},"canonical":"https:\/\/www.urbidermis.com\/es\/apliques-urbanos\/","og_locale":"es_ES","og_type":"article","og_title":"Apliques urbanos urbanos - Urbidermis","og_description":"Urban wall lamps lights complement low-bay lighting. They are essential for designing projects free from architectural barriers.","og_url":"https:\/\/www.urbidermis.com\/es\/apliques-urbanos\/","og_site_name":"Urbidermis","twitter_card":"summary_large_image","schema":{"@context":"https:\/\/schema.org","@graph":[{"@type":"CollectionPage","@id":"https:\/\/www.urbidermis.com\/es\/apliques-urbanos\/","url":"https:\/\/www.urbidermis.com\/es\/apliques-urbanos\/","name":"Apliques urbanos urbanos - Urbidermis","isPartOf":{"@id":"https:\/\/urbidermis.com\/es\/#website"},"description":"Urban wall lamps lights complement low-bay lighting. They are essential for designing projects free from architectural barriers.","breadcrumb":{"@id":"https:\/\/www.urbidermis.com\/es\/apliques-urbanos\/#breadcrumb"},"inLanguage":"es-ES"},{"@type":"BreadcrumbList","@id":"https:\/\/www.urbidermis.com\/es\/apliques-urbanos\/#breadcrumb","itemListElement":[{"@type":"ListItem","position":1,"name":"Home","item":"https:\/\/www.urbidermis.com\/es\/"},{"@type":"ListItem","position":2,"name":"Iluminaci\u00f3n urbana","item":"https:\/\/www.urbidermis.com\/es\/iluminacion-urbana\/"},{"@type":"ListItem","position":3,"name":"Apliques urbanos"}]},{"@type":"WebSite","@id":"https:\/\/urbidermis.com\/es\/#website","url":"https:\/\/urbidermis.com\/es\/","name":"Urbidermis","description":"Expertos en la ciudad","publisher":{"@id":"https:\/\/urbidermis.com\/es\/#organization"},"potentialAction":[{"@type":"SearchAction","target":{"@type":"EntryPoint","urlTemplate":"https:\/\/urbidermis.com\/es\/?s={search_term_string}"},"query-input":{"@type":"PropertyValueSpecification","valueRequired":true,"valueName":"search_term_string"}}],"inLanguage":"es-ES"},{"@type":"Organization","@id":"https:\/\/urbidermis.com\/es\/#organization","name":"Urbidermis","url":"https:\/\/urbidermis.com\/es\/","logo":{"@type":"ImageObject","inLanguage":"es-ES","@id":"https:\/\/urbidermis.com\/es\/#\/schema\/logo\/image\/","url":"","contentUrl":"","caption":"Urbidermis"},"image":{"@id":"https:\/\/urbidermis.com\/es\/#\/schema\/logo\/image\/"}}]}},"urb":{"path":"\/es\/apliques-urbanos\/","language":"es","thumbnail":null,"order":6,"ancestors":[{"id":77,"name":"Iluminaci\u00f3n urbana","slug":"iluminacion-urbana","path":"\/es\/iluminacion-urbana\/"}],"parent_slug":"iluminacion-urbana","translations":{"de":{"id":212,"slug":"wandleuchten","path":"\/de\/wandleuchten\/"},"en":{"id":51,"slug":"urban-wall-lamps","path":"\/urban-wall-lamps\/"},"es":{"id":83,"slug":"apliques-urbanos","path":"\/es\/apliques-urbanos\/"},"fr":{"id":241,"slug":"appliques-urbaines","path":"\/fr\/appliques-urbaines\/"}}},"_links":{"self":[{"href":"https:\/\/www.urbidermis.com\/es\/wp-json\/wp\/v2\/product_cat\/83","targetHints":{"allow":["GET"]}}],"collection":[{"href":"https:\/\/www.urbidermis.com\/es\/wp-json\/wp\/v2\/product_cat"}],"about":[{"href":"https:\/\/www.urbidermis.com\/es\/wp-json\/wp\/v2\/taxonomies\/product_cat"}],"up":[{"embeddable":true,"href":"https:\/\/www.urbidermis.com\/es\/wp-json\/wp\/v2\/product_cat\/77"}],"wp:post_type":[{"href":"https:\/\/www.urbidermis.com\/es\/wp-json\/wp\/v2\/product?product_cat=83"}],"curies":[{"name":"wp","href":"https:\/\/api.w.org\/{rel}","templated":true}]}}